{"id":13476,"date":"2025-09-30T10:55:57","date_gmt":"2025-09-30T08:55:57","guid":{"rendered":"https:\/\/www.came.com\/be\/produits\/interphone-video-recepteurs-internes-futura\/"},"modified":"2025-11-21T09:16:20","modified_gmt":"2025-11-21T08:16:20","slug":"interphone-video-recepteurs-internes-futura","status":"publish","type":"post_ekr_generated","link":"https:\/\/www.came.com\/be\/fr\/produits\/interphone-video-recepteurs-internes-futura\/","title":{"rendered":"FUTURA"},"content":{"rendered":"\n\t\t\n<div class=\"wp-block-group alignfull root-box-breadcrumbs is-layout-flow wp-block-group-is-layout-flow\">\n<div class=\"wp-block-group alignwide box-breadcrumbs is-layout-flow wp-block-group-is-layout-flow\"><div class=\"breadcrumbs\"><a href=\"https:\/\/www.came.com\/be\/produits\/videophonie\/\">vid\u00e9ophonie<\/a>\n<span>\/<\/span>\n<a href=\"https:\/\/www.came.com\/be\/produits\/interphonie-recepteurs-interior\/\">R\u00e9cepteurs internes<\/a>\n<span>\/<\/span>\n<span>FUTURA<\/span><\/div><\/div>\n<\/div>\n\n\n\n<div class=\"wp-block-group alignwide is-layout-flow wp-block-group-is-layout-flow\">\n<div class=\"wp-block-group alignfull product-page-header has-light-grey-background-color has-background is-layout-flow wp-block-group-is-layout-flow\">\n<div class=\"wp-block-group alignfull box-series-title is-layout-flow wp-block-group-is-layout-flow\"><h1 class=\"wp-block-heading series-title wp-block-ekr-headings\"> FUTURA\n<\/h1><\/div>\n\n\n\n<div class=\"wp-block-columns product-page-header-series-cols is-layout-flex wp-container-core-columns-is-layout-1 wp-block-columns-is-layout-flex\">\n<div class=\"wp-block-column is-layout-flow wp-block-column-is-layout-flow\">\n<div class=\"wp-block-group came-series-gallery-images is-layout-flow wp-block-group-is-layout-flow\"><figure class=\"wp-block-image outside-gallery wp-block-ekr-image\"> <img decoding=\"async\" loading=\"lazy\" src=\"https:\/\/static.came.com\/assets\/low\/mkt\/Automations_Access_Control\/series_lifestyle\/FUTURA_Lifestyle.webp\" alt=\"FUTURA\" style=\";width:400px;height:225px\"> <\/figure>\n\n\n\n\n\n\n\n\n\n<\/div>\n<\/div>\n\n\n\n<div class=\"wp-block-column box-serie-flex-vertical is-layout-flow wp-block-column-is-layout-flow\"><ul class=\"wp-block-list list-presentation-text\"><li>Futura est un syst\u00e8me d\u2019interphone vid\u00e9o mains libres dot\u00e9 d\u2019un grand \u00e9cran 7\u2033 et de touches de navigation tactiles. Con\u00e7u pour les environnements r\u00e9sidentiels et professionnels, il est disponible en trois mod\u00e8les, du X1 de base \u00e0 la version IP avanc\u00e9e. Il comprend des commandes auxiliaires programmables et un bouton \u00ab\u00a0Panique\u00a0\u00bb pour les appels d\u2019urgence. La version IP prend \u00e9galement en charge la visualisation en temps r\u00e9el des cam\u00e9ras de s\u00e9curit\u00e9 IP.<\/li><\/ul>\n\n\n<div class=\"wp-block-group box-buttons-download is-layout-flow wp-block-group-is-layout-flow\">\n\n\n\n\n\n<\/div>\n\n\n<div class=\"wp-block-table maxperf-table wp-block-ekr-table \" style=\"\"> <table class=\"table table-striped rowpreset_Default colpreset_Default label_STANDARD table table-striped rowpreset_Default colpreset_Default label_STANDARD \" style=\" \">\n<thead><tr>\n<th colspan=\"1\" rowspan=\"1\" class=\"has-text-align-center \" style=\"\"><p><span>Afficheur<\/span><\/p><\/th>\n<th colspan=\"1\" rowspan=\"1\" class=\"has-text-align-center \" style=\"\"><p><span>Syst\u00e8mes compatibles<\/span><\/p><\/th>\n<th colspan=\"1\" rowspan=\"1\" class=\"has-text-align-center \" style=\"\"><p><span>Type d\u2019installation<\/span><\/p><\/th>\n<\/tr><\/thead>\n<tbody><tr>\n<td colspan=\"1\" rowspan=\"1\" class=\"has-text-align-center \" style=\"\"><p><span>7\u2033<\/span><\/p><\/td>\n<td colspan=\"1\" rowspan=\"1\" class=\"has-text-align-center \" style=\"\"><p><span>X1, XIP, IP360<\/span><\/p><\/td>\n<td colspan=\"1\" rowspan=\"1\" class=\"has-text-align-center \" style=\"\"><p><span>Encastrable, mural et de table<\/span><\/p><\/td>\n<\/tr><\/tbody>\n<\/table> <\/div><\/div>\n<\/div>\n<\/div>\n<\/div>\n\n\n\n<div class=\"wp-block-group alignwide box-our-products is-layout-flow wp-block-group-is-layout-flow\" id=\"our-products\">\n<h2 class=\"wp-block-heading series-title-range\">Notre gamme<\/h2>\n\n\n<div class=\"cards-container expandable closed\">\n<ul><li>\n<a class=\"link-image\" href=\"https:\/\/www.came.com\/be\/produits\/interphone-video-recepteurs-internes-futura-62100570\/\" tabindex=\"-1\" title=\"62100570\"><img decoding=\"async\" src=\"https:\/\/static.came.com\/assets\/low\/mkt\/Video_Entry_Systems\/items\/62100570.webp\" class=\"image\" title=\"62100570\" alt=\"62100570\"><\/a>\n\n<h3><a href=\"https:\/\/www.came.com\/be\/produits\/interphone-video-recepteurs-internes-futura-62100570\/\">62100570<\/a><\/h3>\n<h4>FUTURA IP BK<\/h4>\n\n<div class=\"box-description\">\n<h2 class=\"description\">Interphone vid\u00e9o soft-touch pour syst\u00e8me IP360, \u00e9cran 7\u2033, avec interface utilisateur graphique<\/h2>\n<\/div>\n\n<div class=\"box-label-value\">\n<p class=\"label\">Type de connexion<\/p>\n<p class=\"value\">Par fil<\/p>\n<\/div>\n\n<div class=\"box-label-value\">\n<p class=\"label\">Afficheur<\/p>\n<p class=\"value\">7\u2033<\/p>\n<\/div>\n  \n<div class=\"box-label-value\">\n<p class=\"label\"><\/p>\n<p class=\"value\"><\/p>\n<\/div>\n  \n<div class=\"box-label-value\">\n<p class=\"label\"><\/p>\n<p class=\"value\"><\/p>\n<\/div>\n\n<ul class=\"icons\">\n<li class=\"__logo__Mini_4G__\" data-value=\"\" title=\"\"><span><\/span><\/li>\n<li class=\"__logo__Mini_X1__\" data-value=\"\" title=\"\"><span><\/span><\/li>\n<li class=\"__logo__Mini_XIP__\" data-value=\"\" title=\"\"><span><\/span><\/li>\n<li class=\"__logo__Mini_IP360__\" data-value=\"IP360\" title=\"IP360\"><span>IP360<\/span><\/li>\n<li class=\"__logo__Mini_SYS_200__\" data-value=\"\" title=\"\"><span><\/span><\/li>\n<\/ul>\n  \n<\/li><\/ul>\n<\/div><\/div>\n\n\n\n<div class=\"wp-block-group alignfull box-series-group-white is-layout-flow wp-block-group-is-layout-flow\">\n<div class=\"wp-block-group alignwide box-features is-layout-flow wp-block-group-is-layout-flow\" id=\"features\">\n\n\n\n<h2 class=\"wp-block-heading series-title-features\">Caract\u00e9ristiques principales<\/h2>\n\n\n<ul class=\"wp-block-list series-plus\"><li>Touche de r\u00e9glage\/d\u00e9sactivation de la sonnerie avec LED de signalisation de sonnerie d\u00e9sactiv\u00e9e<\/li><li>R\u00e9glage de la saturation et de la luminosit\u00e9 de l\u2019\u00e9cran<\/li><li>Activation vid\u00e9o automatique des postes externes par s\u00e9lection cyclique<\/li><li>Fonction Master\/Slave et de transfert vid\u00e9o entre postes en appel simultan\u00e9<\/li><li>Fonction de blocage des boutons pour en faciliter le nettoyage<\/li><li>Fonction \u00ab Picture Capture \u00bb pour la m\u00e9morisation des images<\/li><li>Interface utilisateur avec carnet d\u2019adresses et liste AUX.<\/li><\/ul>\n<\/div>\n\n\n<\/div>\n\n\n\t","protected":false},"template":"","meta":{"elastic_search":"","powered_cache_disable_cache":false},"categories":[6],"_links":{"self":[{"href":"https:\/\/www.came.com\/be\/fr\/wp-json\/wp\/v2\/post_ekr_generated\/13476"}],"collection":[{"href":"https:\/\/www.came.com\/be\/fr\/wp-json\/wp\/v2\/post_ekr_generated"}],"about":[{"href":"https:\/\/www.came.com\/be\/fr\/wp-json\/wp\/v2\/types\/post_ekr_generated"}],"wp:attachment":[{"href":"https:\/\/www.came.com\/be\/fr\/wp-json\/wp\/v2\/media?parent=13476"}],"wp:term":[{"taxonomy":"category","embeddable":true,"href":"https:\/\/www.came.com\/be\/fr\/wp-json\/wp\/v2\/categories?post=13476"}],"curies":[{"name":"wp","href":"https:\/\/api.w.org\/{rel}","templated":true}]}}